{"id":9463,"date":"2024-11-11T08:33:00","date_gmt":"2024-11-11T07:33:00","guid":{"rendered":"https:\/\/www.immobil-niederkofler.it\/?p=9463"},"modified":"2025-11-13T17:18:27","modified_gmt":"2025-11-13T16:18:27","slug":"alloggi-convenzionati-in-alto-adige-tutela-o-trappola","status":"publish","type":"post","link":"https:\/\/www.immobil-niederkofler.it\/it\/alloggi-convenzionati-in-alto-adige-tutela-o-trappola\/","title":{"rendered":"Alloggi convenzionati in Alto Adige: tutela o trappola? La storia di Martin a Bolzano"},"content":{"rendered":"\n<p><em>Le case convenzionate a Bolzano nascono con l\u2019obiettivo di rendere l\u2019abitare pi\u00f9 accessibile ai residenti. Tuttavia, come dimostra la storia di Martin, un padre separato, questa normativa pu\u00f2 trasformarsi in una barriera: nata per tutelare, in realt\u00e0 rischia di penalizzare chi si trova in difficolt\u00e0 economiche o familiari.<\/em><\/p>\n\n\n\n<div class=\"wp-block-cover is-light\"><img fetchpriority=\"high\" decoding=\"async\" width=\"1024\" height=\"683\" class=\"wp-block-cover__image-background wp-image-10168 size-large\" alt=\"\" src=\"https:\/\/www.immobil-niederkofler.it\/wp-content\/uploads\/2024\/11\/AdobeStock_886769514-1024x683.jpg\" data-object-fit=\"cover\" srcset=\"https:\/\/www.immobil-niederkofler.it\/wp-content\/uploads\/2024\/11\/AdobeStock_886769514-1024x683.jpg 1024w, https:\/\/www.immobil-niederkofler.it\/wp-content\/uploads\/2024\/11\/AdobeStock_886769514-300x200.jpg 300w, https:\/\/www.immobil-niederkofler.it\/wp-content\/uploads\/2024\/11\/AdobeStock_886769514-768x512.jpg 768w, https:\/\/www.immobil-niederkofler.it\/wp-content\/uploads\/2024\/11\/AdobeStock_886769514-1536x1024.jpg 1536w, https:\/\/www.immobil-niederkofler.it\/wp-content\/uploads\/2024\/11\/AdobeStock_886769514-2048x1365.jpg 2048w\" sizes=\"(max-width: 1024px) 100vw, 1024px\" \/><span aria-hidden=\"true\" class=\"wp-block-cover__background has-background-dim\" style=\"background-color:#cecec8\"><\/span><div class=\"wp-block-cover__inner-container is-layout-constrained wp-block-cover-is-layout-constrained\">\n<p class=\"has-text-align-center has-large-font-size\"><\/p>\n<\/div><\/div>\n\n\n\n<p><\/p>\n\n\n\n<h2 class=\"wp-block-heading\">Affitti a Bolzano: tra mercato libero e case convenzionate<\/h2>\n\n\n\n<p>Il mercato immobiliare dell\u2019Alto Adige \u00e8 tra i pi\u00f9 cari d\u2019Italia, con affitti che superano spesso i 1.000\u20ac per 60mq. Gli<strong> alloggi convenzionati<\/strong> rappresenterebbero un\u2019alternativa pi\u00f9 accessibile, con <strong>prezzi intorno ai 750\u20ac mensili<\/strong>. Eppure, la legge impedisce a chi \u00e8 gi\u00e0 proprietario di una casa convenzionata di affittarne un\u2019altra. \u00c8 il caso di Martin, separato dalla compagna che \u00e8 rimasta con i figli nell\u2019appartamento acquistato insieme: pur pagando il mantenimento familiare, non pu\u00f2 accedere a un nuovo alloggio convenzionato e si trova bloccato tra prezzi insostenibili e normative rigide.<\/p>\n\n\n\n<h2 class=\"wp-block-heading\">Quando la normativa non tutela ma penalizza<\/h2>\n\n\n\n<p>L\u2019alloggio per residenti pensato per proteggere i residenti, diventa spesso un ostacolo nelle situazioni di separazione o per nuove coppie che vogliono vivere insieme.&nbsp;<\/p>\n\n\n\n<p>Secondo l\u2019agente immobiliare Andr\u00e9 Benedict Niederkofler, si registrano sempre pi\u00f9 casi simili: <strong>3 matrimoni su 10 finiscono in divorzio<\/strong> e <strong>ogni anno si contano circa 540 separazioni ufficiali.<\/strong> In questo contesto, negare l\u2019accesso agli alloggi convenzionati a chi ha gi\u00e0 una propriet\u00e0 convenzionata significa ignorare i cambiamenti sociali e mettere ulteriormente in difficolt\u00e0 famiglie gi\u00e0 fragili.<\/p>\n\n\n\n<h2 class=\"wp-block-heading\">Un problema sociale che richiede soluzioni<\/h2>\n\n\n\n<p>Il caso di Martin evidenzia come la legge attuale possa costringere molti residenti a lasciare Bolzano, con conseguenze personali e lavorative gravi. Da pi\u00f9 parti cresce la richiesta di un adeguamento delle norme provinciali per rendere gli alloggi per residenti pi\u00f9 flessibili \u00e8 davvero utile. Solo cos\u00ec sar\u00e0 possibile riportare questo strumento alla sua funzione originaria: garantire case accessibili ai residenti e sostenere chi affronta situazioni di vita complesse.<\/p>\n\n\n\n<figure class=\"wp-block-image\"><img decoding=\"async\" width=\"1467\" height=\"1013\" src=\"https:\/\/www.immobil-niederkofler.it\/wp-content\/uploads\/2024\/11\/Konventionierung-1.png\" alt=\"\" class=\"wp-image-9367\" srcset=\"https:\/\/www.immobil-niederkofler.it\/wp-content\/uploads\/2024\/11\/Konventionierung-1.png 1467w, https:\/\/www.immobil-niederkofler.it\/wp-content\/uploads\/2024\/11\/Konventionierung-1-300x207.png 300w, https:\/\/www.immobil-niederkofler.it\/wp-content\/uploads\/2024\/11\/Konventionierung-1-1024x707.png 1024w, https:\/\/www.immobil-niederkofler.it\/wp-content\/uploads\/2024\/11\/Konventionierung-1-768x530.png 768w\" sizes=\"(max-width: 1467px) 100vw, 1467px\" \/><figcaption class=\"wp-element-caption\">19.10.2024 &#8211; Dolomiten <\/figcaption><\/figure>\n\n\n\n<p>Se stai vivendo difficolt\u00e0 simili con alloggi convenzionati o affitti a Bolzano, non restare bloccato. Rivolgiti a un consulente immobiliare o a un\u2019associazione di tutela degli locatori o inquilini: potrai chiarire i tuoi diritti, valutare alternative concrete e trovare la soluzione abitativa pi\u00f9 adatta per te e la tua famiglia.<\/p>\n\n\n\n<p><a href=\"https:\/\/www.immobil-niederkofler.it\/it\/contatto\/\">Contattaci &gt;<\/a><\/p>\n\n\n\n<p><\/p>\n\n\n\n<p>*Nome e luogo modificati dalla redazione.<\/p>\n\n\n\n<p><\/p>\n","protected":false},"excerpt":{"rendered":"<p>Le case convenzionate a Bolzano nascono con l\u2019obiettivo di rendere l\u2019abitare pi\u00f9 accessibile ai residenti. Tuttavia, come dimostra la storia di Martin, un padre separato, questa normativa pu\u00f2 trasformarsi in una barriera: nata per tutelare, in realt\u00e0 rischia di penalizzare chi si trova in difficolt\u00e0 economiche o familiari. Affitti a Bolzano: tra mercato libero e [&hellip;]<\/p>\n","protected":false},"author":9,"featured_media":8138,"comment_status":"open","ping_status":"open","sticky":false,"template":"","format":"standard","meta":{"_acf_changed":false,"_monsterinsights_skip_tracking":false,"_monsterinsights_sitenote_active":false,"_monsterinsights_sitenote_note":"","_monsterinsights_sitenote_category":0,"footnotes":""},"categories":[47],"tags":[],"class_list":["post-9463","post","type-post","status-publish","format-standard","has-post-thumbnail","hentry","category-convenzionamento"],"acf":[],"yoast_head":"<!-- This site is optimized with the Yoast SEO plugin v27.4 - https:\/\/yoast.com\/product\/yoast-seo-wordpress\/ -->\n<title>Alloggi convenzionati in Alto Adige: tutela o trappola? La storia di Martin a Bolzano - Immobilien Niederkofler<\/title>\n<meta name=\"description\" content=\"Alloggi convenzionati in Alto Adige: tutela o trappola? La storia di Martin a Bolzano\" \/>\n<meta name=\"robots\" content=\"index, follow, max-snippet:-1, max-image-preview:large, max-video-preview:-1\" \/>\n<link rel=\"canonical\" href=\"https:\/\/www.immobil-niederkofler.it\/it\/alloggi-convenzionati-in-alto-adige-tutela-o-trappola\/\" \/>\n<meta property=\"og:locale\" content=\"it_IT\" \/>\n<meta property=\"og:type\" content=\"article\" \/>\n<meta property=\"og:title\" content=\"Alloggi convenzionati in Alto Adige: tutela o trappola? La storia di Martin a Bolzano - Immobilien Niederkofler\" \/>\n<meta property=\"og:description\" content=\"Alloggi convenzionati in Alto Adige: tutela o trappola? La storia di Martin a Bolzano\" \/>\n<meta property=\"og:url\" content=\"https:\/\/www.immobil-niederkofler.it\/it\/alloggi-convenzionati-in-alto-adige-tutela-o-trappola\/\" \/>\n<meta property=\"og:site_name\" content=\"Immobilien Niederkofler\" \/>\n<meta property=\"article:publisher\" content=\"https:\/\/de-de.facebook.com\/ImmobilienNiederkofler\/\" \/>\n<meta property=\"article:published_time\" content=\"2024-11-11T07:33:00+00:00\" \/>\n<meta property=\"article:modified_time\" content=\"2025-11-13T16:18:27+00:00\" \/>\n<meta property=\"og:image\" content=\"https:\/\/www.immobil-niederkofler.it\/wp-content\/uploads\/2023\/11\/VendereCasa.jpg\" \/>\n\t<meta property=\"og:image:width\" content=\"1200\" \/>\n\t<meta property=\"og:image:height\" content=\"800\" \/>\n\t<meta property=\"og:image:type\" content=\"image\/jpeg\" \/>\n<meta name=\"author\" content=\"lpoernbacher\" \/>\n<meta name=\"twitter:card\" content=\"summary_large_image\" \/>\n<meta name=\"twitter:label1\" content=\"Scritto da\" \/>\n\t<meta name=\"twitter:data1\" content=\"lpoernbacher\" \/>\n\t<meta name=\"twitter:label2\" content=\"Tempo di lettura stimato\" \/>\n\t<meta name=\"twitter:data2\" content=\"2 minuti\" \/>\n<script type=\"application\/ld+json\" class=\"yoast-schema-graph\">{\"@context\":\"https:\\\/\\\/schema.org\",\"@graph\":[{\"@type\":[\"Article\",\"BlogPosting\"],\"@id\":\"https:\\\/\\\/www.immobil-niederkofler.it\\\/it\\\/alloggi-convenzionati-in-alto-adige-tutela-o-trappola\\\/#article\",\"isPartOf\":{\"@id\":\"https:\\\/\\\/www.immobil-niederkofler.it\\\/it\\\/alloggi-convenzionati-in-alto-adige-tutela-o-trappola\\\/\"},\"author\":{\"name\":\"lpoernbacher\",\"@id\":\"https:\\\/\\\/www.immobil-niederkofler.it\\\/it\\\/#\\\/schema\\\/person\\\/7e46f341dd5d367268f18b95f75b4439\"},\"headline\":\"Alloggi convenzionati in Alto Adige: tutela o trappola? La storia di Martin a Bolzano\",\"datePublished\":\"2024-11-11T07:33:00+00:00\",\"dateModified\":\"2025-11-13T16:18:27+00:00\",\"mainEntityOfPage\":{\"@id\":\"https:\\\/\\\/www.immobil-niederkofler.it\\\/it\\\/alloggi-convenzionati-in-alto-adige-tutela-o-trappola\\\/\"},\"wordCount\":384,\"commentCount\":0,\"image\":{\"@id\":\"https:\\\/\\\/www.immobil-niederkofler.it\\\/it\\\/alloggi-convenzionati-in-alto-adige-tutela-o-trappola\\\/#primaryimage\"},\"thumbnailUrl\":\"https:\\\/\\\/www.immobil-niederkofler.it\\\/wp-content\\\/uploads\\\/2023\\\/11\\\/VendereCasa.jpg\",\"articleSection\":[\"Convenzionamento\"],\"inLanguage\":\"it-IT\",\"potentialAction\":[{\"@type\":\"CommentAction\",\"name\":\"Comment\",\"target\":[\"https:\\\/\\\/www.immobil-niederkofler.it\\\/it\\\/alloggi-convenzionati-in-alto-adige-tutela-o-trappola\\\/#respond\"]}]},{\"@type\":\"WebPage\",\"@id\":\"https:\\\/\\\/www.immobil-niederkofler.it\\\/it\\\/alloggi-convenzionati-in-alto-adige-tutela-o-trappola\\\/\",\"url\":\"https:\\\/\\\/www.immobil-niederkofler.it\\\/it\\\/alloggi-convenzionati-in-alto-adige-tutela-o-trappola\\\/\",\"name\":\"Alloggi convenzionati in Alto Adige: tutela o trappola? La storia di Martin a Bolzano - Immobilien Niederkofler\",\"isPartOf\":{\"@id\":\"https:\\\/\\\/www.immobil-niederkofler.it\\\/it\\\/#website\"},\"primaryImageOfPage\":{\"@id\":\"https:\\\/\\\/www.immobil-niederkofler.it\\\/it\\\/alloggi-convenzionati-in-alto-adige-tutela-o-trappola\\\/#primaryimage\"},\"image\":{\"@id\":\"https:\\\/\\\/www.immobil-niederkofler.it\\\/it\\\/alloggi-convenzionati-in-alto-adige-tutela-o-trappola\\\/#primaryimage\"},\"thumbnailUrl\":\"https:\\\/\\\/www.immobil-niederkofler.it\\\/wp-content\\\/uploads\\\/2023\\\/11\\\/VendereCasa.jpg\",\"datePublished\":\"2024-11-11T07:33:00+00:00\",\"dateModified\":\"2025-11-13T16:18:27+00:00\",\"author\":{\"@id\":\"https:\\\/\\\/www.immobil-niederkofler.it\\\/it\\\/#\\\/schema\\\/person\\\/7e46f341dd5d367268f18b95f75b4439\"},\"description\":\"Alloggi convenzionati in Alto Adige: tutela o trappola? La storia di Martin a Bolzano\",\"inLanguage\":\"it-IT\",\"potentialAction\":[{\"@type\":\"ReadAction\",\"target\":[\"https:\\\/\\\/www.immobil-niederkofler.it\\\/it\\\/alloggi-convenzionati-in-alto-adige-tutela-o-trappola\\\/\"]}]},{\"@type\":\"ImageObject\",\"inLanguage\":\"it-IT\",\"@id\":\"https:\\\/\\\/www.immobil-niederkofler.it\\\/it\\\/alloggi-convenzionati-in-alto-adige-tutela-o-trappola\\\/#primaryimage\",\"url\":\"https:\\\/\\\/www.immobil-niederkofler.it\\\/wp-content\\\/uploads\\\/2023\\\/11\\\/VendereCasa.jpg\",\"contentUrl\":\"https:\\\/\\\/www.immobil-niederkofler.it\\\/wp-content\\\/uploads\\\/2023\\\/11\\\/VendereCasa.jpg\",\"width\":1200,\"height\":800,\"caption\":\"Vendere casa a Bolzano, Brunico o dintorni\"},{\"@type\":\"WebSite\",\"@id\":\"https:\\\/\\\/www.immobil-niederkofler.it\\\/it\\\/#website\",\"url\":\"https:\\\/\\\/www.immobil-niederkofler.it\\\/it\\\/\",\"name\":\"Immobilien Niederkofler\",\"description\":\"Willkommen bei Immobilien Niederkofler, Ihrem zuverl\u00e4ssigen und kompetenten Immobilienmakler im sch\u00f6nen S\u00fcdtirol\",\"potentialAction\":[{\"@type\":\"SearchAction\",\"target\":{\"@type\":\"EntryPoint\",\"urlTemplate\":\"https:\\\/\\\/www.immobil-niederkofler.it\\\/it\\\/?s={search_term_string}\"},\"query-input\":{\"@type\":\"PropertyValueSpecification\",\"valueRequired\":true,\"valueName\":\"search_term_string\"}}],\"inLanguage\":\"it-IT\"},{\"@type\":\"Person\",\"@id\":\"https:\\\/\\\/www.immobil-niederkofler.it\\\/it\\\/#\\\/schema\\\/person\\\/7e46f341dd5d367268f18b95f75b4439\",\"name\":\"lpoernbacher\",\"image\":{\"@type\":\"ImageObject\",\"inLanguage\":\"it-IT\",\"@id\":\"https:\\\/\\\/secure.gravatar.com\\\/avatar\\\/a174a3fbc6c2af2cbef4e8640fdf35ceccb78e6e601dee547f031afb807f215b?s=96&d=mm&r=g\",\"url\":\"https:\\\/\\\/secure.gravatar.com\\\/avatar\\\/a174a3fbc6c2af2cbef4e8640fdf35ceccb78e6e601dee547f031afb807f215b?s=96&d=mm&r=g\",\"contentUrl\":\"https:\\\/\\\/secure.gravatar.com\\\/avatar\\\/a174a3fbc6c2af2cbef4e8640fdf35ceccb78e6e601dee547f031afb807f215b?s=96&d=mm&r=g\",\"caption\":\"lpoernbacher\"},\"url\":\"https:\\\/\\\/www.immobil-niederkofler.it\\\/it\\\/author\\\/lpoernbacher\\\/\"}]}<\/script>\n<!-- \/ Yoast SEO plugin. -->","yoast_head_json":{"title":"Alloggi convenzionati in Alto Adige: tutela o trappola? La storia di Martin a Bolzano - Immobilien Niederkofler","description":"Alloggi convenzionati in Alto Adige: tutela o trappola? La storia di Martin a Bolzano","robots":{"index":"index","follow":"follow","max-snippet":"max-snippet:-1","max-image-preview":"max-image-preview:large","max-video-preview":"max-video-preview:-1"},"canonical":"https:\/\/www.immobil-niederkofler.it\/it\/alloggi-convenzionati-in-alto-adige-tutela-o-trappola\/","og_locale":"it_IT","og_type":"article","og_title":"Alloggi convenzionati in Alto Adige: tutela o trappola? La storia di Martin a Bolzano - Immobilien Niederkofler","og_description":"Alloggi convenzionati in Alto Adige: tutela o trappola? La storia di Martin a Bolzano","og_url":"https:\/\/www.immobil-niederkofler.it\/it\/alloggi-convenzionati-in-alto-adige-tutela-o-trappola\/","og_site_name":"Immobilien Niederkofler","article_publisher":"https:\/\/de-de.facebook.com\/ImmobilienNiederkofler\/","article_published_time":"2024-11-11T07:33:00+00:00","article_modified_time":"2025-11-13T16:18:27+00:00","og_image":[{"width":1200,"height":800,"url":"https:\/\/www.immobil-niederkofler.it\/wp-content\/uploads\/2023\/11\/VendereCasa.jpg","type":"image\/jpeg"}],"author":"lpoernbacher","twitter_card":"summary_large_image","twitter_misc":{"Scritto da":"lpoernbacher","Tempo di lettura stimato":"2 minuti"},"schema":{"@context":"https:\/\/schema.org","@graph":[{"@type":["Article","BlogPosting"],"@id":"https:\/\/www.immobil-niederkofler.it\/it\/alloggi-convenzionati-in-alto-adige-tutela-o-trappola\/#article","isPartOf":{"@id":"https:\/\/www.immobil-niederkofler.it\/it\/alloggi-convenzionati-in-alto-adige-tutela-o-trappola\/"},"author":{"name":"lpoernbacher","@id":"https:\/\/www.immobil-niederkofler.it\/it\/#\/schema\/person\/7e46f341dd5d367268f18b95f75b4439"},"headline":"Alloggi convenzionati in Alto Adige: tutela o trappola? La storia di Martin a Bolzano","datePublished":"2024-11-11T07:33:00+00:00","dateModified":"2025-11-13T16:18:27+00:00","mainEntityOfPage":{"@id":"https:\/\/www.immobil-niederkofler.it\/it\/alloggi-convenzionati-in-alto-adige-tutela-o-trappola\/"},"wordCount":384,"commentCount":0,"image":{"@id":"https:\/\/www.immobil-niederkofler.it\/it\/alloggi-convenzionati-in-alto-adige-tutela-o-trappola\/#primaryimage"},"thumbnailUrl":"https:\/\/www.immobil-niederkofler.it\/wp-content\/uploads\/2023\/11\/VendereCasa.jpg","articleSection":["Convenzionamento"],"inLanguage":"it-IT","potentialAction":[{"@type":"CommentAction","name":"Comment","target":["https:\/\/www.immobil-niederkofler.it\/it\/alloggi-convenzionati-in-alto-adige-tutela-o-trappola\/#respond"]}]},{"@type":"WebPage","@id":"https:\/\/www.immobil-niederkofler.it\/it\/alloggi-convenzionati-in-alto-adige-tutela-o-trappola\/","url":"https:\/\/www.immobil-niederkofler.it\/it\/alloggi-convenzionati-in-alto-adige-tutela-o-trappola\/","name":"Alloggi convenzionati in Alto Adige: tutela o trappola? La storia di Martin a Bolzano - Immobilien Niederkofler","isPartOf":{"@id":"https:\/\/www.immobil-niederkofler.it\/it\/#website"},"primaryImageOfPage":{"@id":"https:\/\/www.immobil-niederkofler.it\/it\/alloggi-convenzionati-in-alto-adige-tutela-o-trappola\/#primaryimage"},"image":{"@id":"https:\/\/www.immobil-niederkofler.it\/it\/alloggi-convenzionati-in-alto-adige-tutela-o-trappola\/#primaryimage"},"thumbnailUrl":"https:\/\/www.immobil-niederkofler.it\/wp-content\/uploads\/2023\/11\/VendereCasa.jpg","datePublished":"2024-11-11T07:33:00+00:00","dateModified":"2025-11-13T16:18:27+00:00","author":{"@id":"https:\/\/www.immobil-niederkofler.it\/it\/#\/schema\/person\/7e46f341dd5d367268f18b95f75b4439"},"description":"Alloggi convenzionati in Alto Adige: tutela o trappola? La storia di Martin a Bolzano","inLanguage":"it-IT","potentialAction":[{"@type":"ReadAction","target":["https:\/\/www.immobil-niederkofler.it\/it\/alloggi-convenzionati-in-alto-adige-tutela-o-trappola\/"]}]},{"@type":"ImageObject","inLanguage":"it-IT","@id":"https:\/\/www.immobil-niederkofler.it\/it\/alloggi-convenzionati-in-alto-adige-tutela-o-trappola\/#primaryimage","url":"https:\/\/www.immobil-niederkofler.it\/wp-content\/uploads\/2023\/11\/VendereCasa.jpg","contentUrl":"https:\/\/www.immobil-niederkofler.it\/wp-content\/uploads\/2023\/11\/VendereCasa.jpg","width":1200,"height":800,"caption":"Vendere casa a Bolzano, Brunico o dintorni"},{"@type":"WebSite","@id":"https:\/\/www.immobil-niederkofler.it\/it\/#website","url":"https:\/\/www.immobil-niederkofler.it\/it\/","name":"Immobilien Niederkofler","description":"Willkommen bei Immobilien Niederkofler, Ihrem zuverl\u00e4ssigen und kompetenten Immobilienmakler im sch\u00f6nen S\u00fcdtirol","potentialAction":[{"@type":"SearchAction","target":{"@type":"EntryPoint","urlTemplate":"https:\/\/www.immobil-niederkofler.it\/it\/?s={search_term_string}"},"query-input":{"@type":"PropertyValueSpecification","valueRequired":true,"valueName":"search_term_string"}}],"inLanguage":"it-IT"},{"@type":"Person","@id":"https:\/\/www.immobil-niederkofler.it\/it\/#\/schema\/person\/7e46f341dd5d367268f18b95f75b4439","name":"lpoernbacher","image":{"@type":"ImageObject","inLanguage":"it-IT","@id":"https:\/\/secure.gravatar.com\/avatar\/a174a3fbc6c2af2cbef4e8640fdf35ceccb78e6e601dee547f031afb807f215b?s=96&d=mm&r=g","url":"https:\/\/secure.gravatar.com\/avatar\/a174a3fbc6c2af2cbef4e8640fdf35ceccb78e6e601dee547f031afb807f215b?s=96&d=mm&r=g","contentUrl":"https:\/\/secure.gravatar.com\/avatar\/a174a3fbc6c2af2cbef4e8640fdf35ceccb78e6e601dee547f031afb807f215b?s=96&d=mm&r=g","caption":"lpoernbacher"},"url":"https:\/\/www.immobil-niederkofler.it\/it\/author\/lpoernbacher\/"}]}},"_links":{"self":[{"href":"https:\/\/www.immobil-niederkofler.it\/it\/wp-json\/wp\/v2\/posts\/9463","targetHints":{"allow":["GET"]}}],"collection":[{"href":"https:\/\/www.immobil-niederkofler.it\/it\/wp-json\/wp\/v2\/posts"}],"about":[{"href":"https:\/\/www.immobil-niederkofler.it\/it\/wp-json\/wp\/v2\/types\/post"}],"author":[{"embeddable":true,"href":"https:\/\/www.immobil-niederkofler.it\/it\/wp-json\/wp\/v2\/users\/9"}],"replies":[{"embeddable":true,"href":"https:\/\/www.immobil-niederkofler.it\/it\/wp-json\/wp\/v2\/comments?post=9463"}],"version-history":[{"count":6,"href":"https:\/\/www.immobil-niederkofler.it\/it\/wp-json\/wp\/v2\/posts\/9463\/revisions"}],"predecessor-version":[{"id":10337,"href":"https:\/\/www.immobil-niederkofler.it\/it\/wp-json\/wp\/v2\/posts\/9463\/revisions\/10337"}],"wp:featuredmedia":[{"embeddable":true,"href":"https:\/\/www.immobil-niederkofler.it\/it\/wp-json\/wp\/v2\/media\/8138"}],"wp:attachment":[{"href":"https:\/\/www.immobil-niederkofler.it\/it\/wp-json\/wp\/v2\/media?parent=9463"}],"wp:term":[{"taxonomy":"category","embeddable":true,"href":"https:\/\/www.immobil-niederkofler.it\/it\/wp-json\/wp\/v2\/categories?post=9463"},{"taxonomy":"post_tag","embeddable":true,"href":"https:\/\/www.immobil-niederkofler.it\/it\/wp-json\/wp\/v2\/tags?post=9463"}],"curies":[{"name":"wp","href":"https:\/\/api.w.org\/{rel}","templated":true}]}}